{"id":23097,"date":"2026-04-29T11:38:22","date_gmt":"2026-04-29T09:38:22","guid":{"rendered":"https:\/\/ogloszenia.gazetalekarska.pl\/?p=23097"},"modified":"2026-04-29T11:38:23","modified_gmt":"2026-04-29T09:38:23","slug":"wojewodzki-osrodek-terapii-uzaleznien","status":"publish","type":"post","link":"https:\/\/ogloszenia.gazetalekarska.pl\/?p=23097","title":{"rendered":"Wojew\u00f3dzki O\u015brodek Terapii Uzale\u017cnie\u0144"},"content":{"rendered":"\n<p>Wojew\u00f3dzki O\u015brodek Terapii Uzale\u017cnie\u0144 i Wsp\u00f3\u0142uzale\u017cnienia w Charcicach podejmie wsp\u00f3\u0142prac\u0119 z lekarzem \/(k\u0105) SPECJALISTA W DZIEDZINIE PSYCHIATRII kontakt:rekrutacja@zlucharcice.com.pl.             Tel.: 510-308-994 szczeg\u00f3\u0142y na stronie www.zlucharcice.com.pl<\/p>\n","protected":false},"excerpt":{"rendered":"<p>Wojew\u00f3dzki O\u015brodek Terapii Uzale\u017cnie\u0144 i Wsp\u00f3\u0142uzale\u017cnienia w Charcicach podejmie wsp\u00f3\u0142prac\u0119 z lekarzem \/(k\u0105) SPECJALISTA W DZIEDZINIE PSYCHIATRII kontakt:rekrutacja@zlucharcice.com.pl. Tel.: 510-308-994 szczeg\u00f3\u0142y na stronie www.zlucharcice.com.pl<\/p>\n","protected":false},"author":13,"featured_media":0,"comment_status":"closed","ping_status":"closed","sticky":false,"template":"","format":"standard","meta":{"footnotes":""},"categories":[7],"tags":[],"class_list":["post-23097","post","type-post","status-publish","format-standard","hentry","category-praca"],"_links":{"self":[{"href":"https:\/\/ogloszenia.gazetalekarska.pl\/index.php?rest_route=\/wp\/v2\/posts\/23097","targetHints":{"allow":["GET"]}}],"collection":[{"href":"https:\/\/ogloszenia.gazetalekarska.pl\/index.php?rest_route=\/wp\/v2\/posts"}],"about":[{"href":"https:\/\/ogloszenia.gazetalekarska.pl\/index.php?rest_route=\/wp\/v2\/types\/post"}],"author":[{"embeddable":true,"href":"https:\/\/ogloszenia.gazetalekarska.pl\/index.php?rest_route=\/wp\/v2\/users\/13"}],"replies":[{"embeddable":true,"href":"https:\/\/ogloszenia.gazetalekarska.pl\/index.php?rest_route=%2Fwp%2Fv2%2Fcomments&post=23097"}],"version-history":[{"count":1,"href":"https:\/\/ogloszenia.gazetalekarska.pl\/index.php?rest_route=\/wp\/v2\/posts\/23097\/revisions"}],"predecessor-version":[{"id":23098,"href":"https:\/\/ogloszenia.gazetalekarska.pl\/index.php?rest_route=\/wp\/v2\/posts\/23097\/revisions\/23098"}],"wp:attachment":[{"href":"https:\/\/ogloszenia.gazetalekarska.pl\/index.php?rest_route=%2Fwp%2Fv2%2Fmedia&parent=23097"}],"wp:term":[{"taxonomy":"category","embeddable":true,"href":"https:\/\/ogloszenia.gazetalekarska.pl\/index.php?rest_route=%2Fwp%2Fv2%2Fcategories&post=23097"},{"taxonomy":"post_tag","embeddable":true,"href":"https:\/\/ogloszenia.gazetalekarska.pl\/index.php?rest_route=%2Fwp%2Fv2%2Ftags&post=23097"}],"curies":[{"name":"wp","href":"https:\/\/api.w.org\/{rel}","templated":true}]}}