{"id":23113,"date":"2026-04-29T11:43:16","date_gmt":"2026-04-29T09:43:16","guid":{"rendered":"https:\/\/ogloszenia.gazetalekarska.pl\/?p=23113"},"modified":"2026-04-29T11:43:17","modified_gmt":"2026-04-29T09:43:17","slug":"szpital-w-szczecinku-sp-z-o-o-zatrudni-2","status":"publish","type":"post","link":"https:\/\/ogloszenia.gazetalekarska.pl\/?p=23113","title":{"rendered":"Szpital w Szczecinku sp. z o.o. zatrudni"},"content":{"rendered":"\n<p>Szpital w Szczecinku sp. z o.o. zatrudni lekarzy specjalist\u00f3w lub w trakcie specjalizacji w dziedzinie PSYCHIATRII. Forma oraz warunki zatrudnienia do uzgodnienia. Oferujemy mieszkanie. W sprawie szczeg\u00f3\u0142\u00f3w zapraszamy do kontaktu: kadry@szpital.szczecinek.pl<\/p>\n","protected":false},"excerpt":{"rendered":"<p>Szpital w Szczecinku sp. z o.o. zatrudni lekarzy specjalist\u00f3w lub w trakcie specjalizacji w dziedzinie PSYCHIATRII. Forma oraz warunki zatrudnienia do uzgodnienia. Oferujemy mieszkanie. W sprawie szczeg\u00f3\u0142\u00f3w zapraszamy do kontaktu: kadry@szpital.szczecinek.pl<\/p>\n","protected":false},"author":13,"featured_media":0,"comment_status":"closed","ping_status":"closed","sticky":false,"template":"","format":"standard","meta":{"footnotes":""},"categories":[7],"tags":[],"class_list":["post-23113","post","type-post","status-publish","format-standard","hentry","category-praca"],"_links":{"self":[{"href":"https:\/\/ogloszenia.gazetalekarska.pl\/index.php?rest_route=\/wp\/v2\/posts\/23113","targetHints":{"allow":["GET"]}}],"collection":[{"href":"https:\/\/ogloszenia.gazetalekarska.pl\/index.php?rest_route=\/wp\/v2\/posts"}],"about":[{"href":"https:\/\/ogloszenia.gazetalekarska.pl\/index.php?rest_route=\/wp\/v2\/types\/post"}],"author":[{"embeddable":true,"href":"https:\/\/ogloszenia.gazetalekarska.pl\/index.php?rest_route=\/wp\/v2\/users\/13"}],"replies":[{"embeddable":true,"href":"https:\/\/ogloszenia.gazetalekarska.pl\/index.php?rest_route=%2Fwp%2Fv2%2Fcomments&post=23113"}],"version-history":[{"count":1,"href":"https:\/\/ogloszenia.gazetalekarska.pl\/index.php?rest_route=\/wp\/v2\/posts\/23113\/revisions"}],"predecessor-version":[{"id":23114,"href":"https:\/\/ogloszenia.gazetalekarska.pl\/index.php?rest_route=\/wp\/v2\/posts\/23113\/revisions\/23114"}],"wp:attachment":[{"href":"https:\/\/ogloszenia.gazetalekarska.pl\/index.php?rest_route=%2Fwp%2Fv2%2Fmedia&parent=23113"}],"wp:term":[{"taxonomy":"category","embeddable":true,"href":"https:\/\/ogloszenia.gazetalekarska.pl\/index.php?rest_route=%2Fwp%2Fv2%2Fcategories&post=23113"},{"taxonomy":"post_tag","embeddable":true,"href":"https:\/\/ogloszenia.gazetalekarska.pl\/index.php?rest_route=%2Fwp%2Fv2%2Ftags&post=23113"}],"curies":[{"name":"wp","href":"https:\/\/api.w.org\/{rel}","templated":true}]}}